{"id":2238,"date":"2026-04-22T16:43:32","date_gmt":"2026-04-22T19:43:32","guid":{"rendered":"https:\/\/fima.org.br\/?p=2238"},"modified":"2026-04-22T16:48:17","modified_gmt":"2026-04-22T19:48:17","slug":"fima-apresentou-audiovisual-com-depoimentos-ineditos-sobre-lutzenberger","status":"publish","type":"post","link":"https:\/\/fima.org.br\/?p=2238","title":{"rendered":"FIMA apresentou audiovisual com depoimentos in\u00e9ditos sobre Lutzenberger"},"content":{"rendered":"<p><strong>Por Daniela Sallet<\/strong><\/p>\n<p>O video apresentado no primeiro dia do FIMA de 2026, em homenagem a Jos\u00e9 Lutzenberger, tem depoimentos in\u00e9ditos de integrantes da <strong>AGAPAN.<\/strong> Com sete minutos, re\u00fane fragmentos de entrevistas gravadas originalmente para o document\u00e1rio <a href=\"https:\/\/www.youtube.com\/watch?v=3lQNHxLzHFE&amp;t=320s\"><strong>Substantivo Feminino (2017)<\/strong><\/a>, sobre a trajet\u00f3ria das ambientalistas Magda Renner e Giselda Castro da <strong>ADFG Amigos da Terra.<\/strong><\/p>\n<p><img loading=\"lazy\" decoding=\"async\" class=\" wp-image-2239 aligncenter\" src=\"https:\/\/fima.org.br\/wp-content\/uploads\/2026\/04\/Captura-de-Tela-2026-04-22-as-16.41.49-300x167.png\" alt=\"\" width=\"390\" height=\"217\" srcset=\"https:\/\/fima.org.br\/wp-content\/uploads\/2026\/04\/Captura-de-Tela-2026-04-22-as-16.41.49-300x167.png 300w, https:\/\/fima.org.br\/wp-content\/uploads\/2026\/04\/Captura-de-Tela-2026-04-22-as-16.41.49-1024x569.png 1024w, https:\/\/fima.org.br\/wp-content\/uploads\/2026\/04\/Captura-de-Tela-2026-04-22-as-16.41.49-768x427.png 768w, https:\/\/fima.org.br\/wp-content\/uploads\/2026\/04\/Captura-de-Tela-2026-04-22-as-16.41.49.png 1126w\" sizes=\"auto, (max-width: 390px) 100vw, 390px\" \/><br \/>\nAs duas ga\u00fachas foram inspiradas diretamente por Lutenzeberger para come\u00e7ar a militar pela causa ambiental. <a href=\"http:\/\/www.agapan.org.br\"><strong>AGAPAN<\/strong> <\/a>e <strong>ADFG Amigos da Terra<\/strong> (hoje <a href=\"https:\/\/amigasdaterrabrasil.org.br\/?page_id=6832\"><em>Amigas da Terra Brasil)<\/em><\/a> atuaram em parceria em variadas causas. Por isso, minha decis\u00e3o, como roteirista do document\u00e1rio, foi incluir integrantes da AGAPAN na narrativa. Reunimos tr\u00eas ex-presidentes, Edi Xavier Fonseca, Fl\u00e1vio Lewgoy e Celso Marques que falaram sobre os momentos de atua\u00e7\u00e3o conjunta com Magda e Giselda. Nesta retrospectiva, foi inevit\u00e1vel que eles, em algum momento, falassem sobre a import\u00e2ncia de Lutz, como lideran\u00e7a marcante para o movimento no Rio Grande do Sul e no Brasil.<\/p>\n<p><img loading=\"lazy\" decoding=\"async\" class=\"size-medium wp-image-2240 aligncenter\" src=\"https:\/\/fima.org.br\/wp-content\/uploads\/2026\/04\/Captura-de-Tela-2026-04-22-as-16.42.55-300x169.png\" alt=\"\" width=\"300\" height=\"169\" srcset=\"https:\/\/fima.org.br\/wp-content\/uploads\/2026\/04\/Captura-de-Tela-2026-04-22-as-16.42.55-300x169.png 300w, https:\/\/fima.org.br\/wp-content\/uploads\/2026\/04\/Captura-de-Tela-2026-04-22-as-16.42.55-1024x576.png 1024w, https:\/\/fima.org.br\/wp-content\/uploads\/2026\/04\/Captura-de-Tela-2026-04-22-as-16.42.55-768x432.png 768w, https:\/\/fima.org.br\/wp-content\/uploads\/2026\/04\/Captura-de-Tela-2026-04-22-as-16.42.55.png 1098w\" sizes=\"auto, (max-width: 300px) 100vw, 300px\" \/><\/p>\n<p>Para o video de homenagem aos 100 anos de nascimento de Lutzenberger, selecionei os momentos exatos em que os tr\u00eas ex-presidentes se referiam ao ativismo de Lutz e \u00e0 algumas causas defendidas pelo movimento ambiental ga\u00facho. Quanto aos depoimentos de Augusto Carneiro, grande parceiro de Lutz desde a idealiza\u00e7\u00e3o da AGAPAN, foram gravados em dois momentos. O primeiro, tamb\u00e9m produzido para o document\u00e1rio Substantivo Feminino. O outro, foi a \u00faltima entrevista concedida por Carneiro, gravada quando ele j\u00e1 enfrentava limita\u00e7\u00f5es por problemas de sa\u00fade.<\/p>\n<p><img loading=\"lazy\" decoding=\"async\" class=\"size-medium wp-image-2242 aligncenter\" src=\"https:\/\/fima.org.br\/wp-content\/uploads\/2026\/04\/Captura-de-Tela-2026-04-22-as-16.44.10-300x165.png\" alt=\"\" width=\"300\" height=\"165\" srcset=\"https:\/\/fima.org.br\/wp-content\/uploads\/2026\/04\/Captura-de-Tela-2026-04-22-as-16.44.10-300x165.png 300w, https:\/\/fima.org.br\/wp-content\/uploads\/2026\/04\/Captura-de-Tela-2026-04-22-as-16.44.10-1024x563.png 1024w, https:\/\/fima.org.br\/wp-content\/uploads\/2026\/04\/Captura-de-Tela-2026-04-22-as-16.44.10-768x422.png 768w, https:\/\/fima.org.br\/wp-content\/uploads\/2026\/04\/Captura-de-Tela-2026-04-22-as-16.44.10.png 1132w\" sizes=\"auto, (max-width: 300px) 100vw, 300px\" \/><\/p>\n<p>Na casa da filha Andr\u00e9ia, na zona sul de Porto Alegre, Carneiro recebeu a equipe tr\u00eas tardes, em dezembro de 2013. Na primeira delas, gravamos acompanhados por Kathia Vasconcelos Monteiro, ex-integrante da ADFG Amigos da Terra. Na segunda, pelo jornalista Jo\u00e3o Batista Santaf\u00e9 Aguiar, atual diretor de Meio Ambiente da <a href=\"http:\/\/www.ari.org.br\">ARI<\/a> e editor do site <a href=\"http:\/\/www.agirazul.com\">AgirAzul.com<\/a>. J\u00e1 no \u00faltimo dia, toda a condu\u00e7\u00e3o da entrevista foi minha. Este material foi gravado para o projeto de outro document\u00e1rio, desta vez com a trajet\u00f3ria de Augusto Carneiro. Foram as grava\u00e7\u00f5es aqui narradas que possibilitaram a realiza\u00e7\u00e3o do v\u00eddeo apresentado no <a href=\"http:\/\/www.fima.org.br\">FIMA 2026<\/a>, em homenagem aos 100 anos de nascimento deste ativista global chamado Jos\u00e9 Lutzenberger.<\/p>\n<p><a href=\"https:\/\/www.youtube.com\/watch?v=ToQzNRXZ99Y\"><strong>Link para a produ\u00e7\u00e3o<\/strong><\/a><\/p>\n","protected":false},"excerpt":{"rendered":"<p>Por Daniela Sallet O video apresentado no primeiro dia do FIMA de 2026, em homenagem a Jos\u00e9 Lutzenberger, tem depoimentos in\u00e9ditos de integrantes da AGAPAN. Com sete minutos, re\u00fane fragmentos de entrevistas gravadas originalmente para o document\u00e1rio Substantivo Feminino (2017), sobre a trajet\u00f3ria das ambientalistas Magda Renner e Giselda Castro da ADFG Amigos da Terra. [&hellip;]<\/p>\n","protected":false},"author":1,"featured_media":0,"comment_status":"open","ping_status":"open","sticky":false,"template":"","format":"standard","meta":{"_crdt_document":"","_themeisle_gutenberg_block_has_review":false,"jetpack_post_was_ever_published":false,"_jetpack_newsletter_access":"","_jetpack_dont_email_post_to_subs":false,"_jetpack_newsletter_tier_id":0,"_jetpack_memberships_contains_paywalled_content":false,"_jetpack_memberships_contains_paid_content":false,"footnotes":""},"categories":[3],"tags":[],"class_list":["post-2238","post","type-post","status-publish","format-standard","hentry","category-noticias"],"jetpack_featured_media_url":"","jetpack_sharing_enabled":true,"_links":{"self":[{"href":"https:\/\/fima.org.br\/index.php?rest_route=\/wp\/v2\/posts\/2238","targetHints":{"allow":["GET"]}}],"collection":[{"href":"https:\/\/fima.org.br\/index.php?rest_route=\/wp\/v2\/posts"}],"about":[{"href":"https:\/\/fima.org.br\/index.php?rest_route=\/wp\/v2\/types\/post"}],"author":[{"embeddable":true,"href":"https:\/\/fima.org.br\/index.php?rest_route=\/wp\/v2\/users\/1"}],"replies":[{"embeddable":true,"href":"https:\/\/fima.org.br\/index.php?rest_route=%2Fwp%2Fv2%2Fcomments&post=2238"}],"version-history":[{"count":3,"href":"https:\/\/fima.org.br\/index.php?rest_route=\/wp\/v2\/posts\/2238\/revisions"}],"predecessor-version":[{"id":2244,"href":"https:\/\/fima.org.br\/index.php?rest_route=\/wp\/v2\/posts\/2238\/revisions\/2244"}],"wp:attachment":[{"href":"https:\/\/fima.org.br\/index.php?rest_route=%2Fwp%2Fv2%2Fmedia&parent=2238"}],"wp:term":[{"taxonomy":"category","embeddable":true,"href":"https:\/\/fima.org.br\/index.php?rest_route=%2Fwp%2Fv2%2Fcategories&post=2238"},{"taxonomy":"post_tag","embeddable":true,"href":"https:\/\/fima.org.br\/index.php?rest_route=%2Fwp%2Fv2%2Ftags&post=2238"}],"curies":[{"name":"wp","href":"https:\/\/api.w.org\/{rel}","templated":true}]}}